{"id":70127,"date":"2026-02-06T22:11:41","date_gmt":"2026-02-06T21:11:41","guid":{"rendered":"https:\/\/www.calandreta-pamias.fr\/?p=70127"},"modified":"2026-09-01T14:15:19","modified_gmt":"2026-09-01T13:15:19","slug":"rendez-vous-au-coeur-de-l-histoire-decouvrir-les-evenements-sur-le-patrimoine-a-berne","status":"publish","type":"post","link":"https:\/\/www.calandreta-pamias.fr\/?p=70127","title":{"rendered":"Rendez-vous au c\u0153ur de l&rsquo;histoire: D\u00e9couvrir les \u00e9v\u00e9nements sur le patrimoine \u00e0 Berne"},"content":{"rendered":"<p>Berne, capitale de la Suisse, regorge de tr\u00e9sors historiques souvent pass\u00e9s inaper\u00e7us. Le patrimoine bernois ne r\u00e9side pas uniquement dans ses b\u00e2timents et monuments, mais aussi dans les \u00e9v\u00e9nements qui c\u00e9l\u00e8brent cette richesse culturelle. Participer \u00e0 ces manifestations permet non seulement d\u2019en apprendre davantage sur l\u2019histoire locale, mais aussi de se connecter avec la communaut\u00e9. Explorons ensemble quelques-unes des occasions incontournables pour c\u00e9l\u00e9brer le patrimoine \u00e0 Berne.<\/p>\n<h2>Les r\u00e9sonances du pass\u00e9 dans les \u00e9v\u00e9nements actuels<\/h2>\n<p>Des festivals aux journ\u00e9es du patrimoine, chaque \u00e9v\u00e9nement raconte une histoire unique. Ces occasions rassemblent des citoyens et accompagnent une appr\u00e9ciation form\u00e9e autour des traditions locales. Saviez-vous que <a href=\"https:\/\/www.patrimoinebernois.ch\/evenements-detail?tx_news_pi1%5Baction%5D=detail&amp;tx_news_pi1%5Bcontroller%5D=News&amp;tx_news_pi1%5Bnews%5D=3357&amp;cHash=c7e34526c8a00ccda9f8815a2c6e15bf\">patrimoinebernois.ch<\/a> propose r\u00e9guli\u00e8rement des \u00e9v\u00e9nements qui suscitent un int\u00e9r\u00eat vibrant pour les histoires enfouies et les coutumes oubli\u00e9es? L&rsquo;implication active des citoyens aide \u00e0 raviver ces r\u00e9cits essentiels qui fa\u00e7onnent notre identit\u00e9 collective.<\/p>\n<h2>Favoriser l&rsquo;engagement communautaire gr\u00e2ce \u00e0 l&rsquo;histoire<\/h2>\n<p>Les \u00e9v\u00e9nements patrimoniaux ne sont pas r\u00e9serv\u00e9s aux experts en histoire ou aux professionnels du patrimoine. Ils invitent tout le monde \u00e0 participer, apprendre et contribuer. Des visites guid\u00e9es aux ateliers pratiques, il existe une multitude d\u2019activit\u00e9s accessibles pour tous les \u00e2ges. Ces rencontres cr\u00e9ent un v\u00e9ritable esprit communautaire fond\u00e9 sur le partage et l&rsquo;\u00e9changes d\u2019exp\u00e9riences,<strong><\/strong> o\u00f9 chacun peut apporter sa touche personnelle.<\/p>\n<h2>Diversit\u00e9 des propositions propos\u00e9es au fil des saisons<\/h2>\n<p>Les \u00e9v\u00e9nements li\u00e9s au patrimoine varient selon la saison. En \u00e9t\u00e9, vous trouverez souvent des initiatives en plein air, comme des spectacles de rue ou des foires artisanales qui mettent en avant le savoir-faire local. \u00c0 l&rsquo;automne, la mise en avant des traditions alimentaires avec des march\u00e9s fermiers attire un public curieux. L&rsquo;hiver quant \u00e0 lui est propice aux contes d&rsquo;hier autour d&rsquo;un vin chaud. Chacune de ces saisons marie habilement divertissement et \u00e9ducation.<\/p>\n<h2>Soutenir la pr\u00e9servation du patrimoine par votre participation<\/h2>\n<ul>\n<li>Assistez aux journ\u00e9es du patrimoine : Apprenez-en davantage lors de visites guid\u00e9es gratuits.<\/li>\n<li>Participez \u00e0 des ateliers : Devenez acteur en r\u00e9alisant vous-m\u00eame de l&rsquo;artisanat traditionnel.<\/li>\n<li>Soutenez les artistes locaux : Lors de festivals, vous pourrez d\u00e9couvrir leurs \u0153uvres inspir\u00e9es du patrimoine.<\/li>\n<li>Trouvez des projets b\u00e9n\u00e9voles : Participez \u00e0 des initiatives visant la restauration de sites historiques.<\/li>\n<\/ul>\n<p>Avoir un lien direct avec notre histoire par le biais d&rsquo;\u00e9v\u00e9nements renforce nos racines et nous unit dans la diversit\u00e9. Alors que vous explorez ce qu&rsquo;offre Berne cette saison, n\u2019oubliez pas que chaque participation compte dans ce vaste r\u00e9seau culturel qui fait vivre notre pass\u00e9 commun.<\/p>\n","protected":false},"excerpt":{"rendered":"<p>Berne, capitale de la Suisse, regorge de tr\u00e9sors historiques souvent pass\u00e9s inaper\u00e7us. Le patrimoine bernois ne r\u00e9side pas uniquement dans ses b\u00e2timents et monuments, mais aussi dans les \u00e9v\u00e9nements qui c\u00e9l\u00e8brent cette richesse culturelle. Participer \u00e0 ces manifestations permet non seulement d\u2019en apprendre davantage sur l\u2019histoire locale, mais aussi de se connecter avec la communaut\u00e9.<a class=\"more-link\" href=\"https:\/\/www.calandreta-pamias.fr\/?p=70127\">Lire la suite <span class=\"screen-reader-text\">\u00ab\u00a0Rendez-vous au c\u0153ur de l&rsquo;histoire: D\u00e9couvrir les \u00e9v\u00e9nements sur le patrimoine \u00e0 Berne\u00a0\u00bb<\/span><\/a><\/p>\n","protected":false},"author":46,"featured_media":0,"comment_status":"closed","ping_status":"open","sticky":false,"template":"","format":"standard","meta":{"footnotes":""},"categories":[1],"tags":[],"class_list":["post-70127","post","type-post","status-publish","format-standard","hentry","category-uncategorized","entry"],"_links":{"self":[{"href":"https:\/\/www.calandreta-pamias.fr\/index.php?rest_route=\/wp\/v2\/posts\/70127","targetHints":{"allow":["GET"]}}],"collection":[{"href":"https:\/\/www.calandreta-pamias.fr\/index.php?rest_route=\/wp\/v2\/posts"}],"about":[{"href":"https:\/\/www.calandreta-pamias.fr\/index.php?rest_route=\/wp\/v2\/types\/post"}],"author":[{"embeddable":true,"href":"https:\/\/www.calandreta-pamias.fr\/index.php?rest_route=\/wp\/v2\/users\/46"}],"replies":[{"embeddable":true,"href":"https:\/\/www.calandreta-pamias.fr\/index.php?rest_route=%2Fwp%2Fv2%2Fcomments&post=70127"}],"version-history":[{"count":1,"href":"https:\/\/www.calandreta-pamias.fr\/index.php?rest_route=\/wp\/v2\/posts\/70127\/revisions"}],"predecessor-version":[{"id":70129,"href":"https:\/\/www.calandreta-pamias.fr\/index.php?rest_route=\/wp\/v2\/posts\/70127\/revisions\/70129"}],"wp:attachment":[{"href":"https:\/\/www.calandreta-pamias.fr\/index.php?rest_route=%2Fwp%2Fv2%2Fmedia&parent=70127"}],"wp:term":[{"taxonomy":"category","embeddable":true,"href":"https:\/\/www.calandreta-pamias.fr\/index.php?rest_route=%2Fwp%2Fv2%2Fcategories&post=70127"},{"taxonomy":"post_tag","embeddable":true,"href":"https:\/\/www.calandreta-pamias.fr\/index.php?rest_route=%2Fwp%2Fv2%2Ftags&post=70127"}],"curies":[{"name":"wp","href":"https:\/\/api.w.org\/{rel}","templated":true}]}}