{"id":94,"date":"2020-06-25T21:23:01","date_gmt":"2020-06-25T20:23:01","guid":{"rendered":"https:\/\/calandretapamiers.wordpress.com\/?p=10"},"modified":"2020-06-25T21:23:01","modified_gmt":"2020-06-25T20:23:01","slug":"example-post-3","status":"publish","type":"post","link":"https:\/\/www.calandreta-pamias.fr\/?p=94","title":{"rendered":"Derni\u00e8res nouvelles du Cycle 1"},"content":{"rendered":"\n<p><em>Camilla per la classa de cicle 1<\/em><\/p>\n\n\n\n<p>S\u00e8m tornats en classa apr\u00e8p vacan\u00e7as cambiadas tan coma abelhas dins lorrusca !!! <\/p>\n\n\n\n<p>E tomba plan, aqueste peri\u00f2de es lo n\u00f2stre t\u00e8ma!! Doncas, nos anam descobrir aquel monde pichon mas talament important per la n\u00f2stra vida umana e av\u00e8m pas paur de nos far fissar pr&rsquo;amor qu\u2019av\u00e8m ja apr\u00e9s que las abelhas atacan pas sens rasons !! <\/p>\n\n\n\n<p>Av\u00e8m realizat en arts visualas abelhas en volum, e plan d\u2019autras descob\u00e8rtas e realizacions nos esp\u00e8ran abans las vacan\u00e7as grandas !! Esperam tanben de poder encontrar abelhi\u00e8rs demesti\u00e8r que deuri\u00e1n venir a l&rsquo;esc\u00f2la per nos presentar son trabalh. <\/p>\n\n\n\n<blockquote class=\"wp-block-quote is-layout-flow wp-block-quote-is-layout-flow\"><p>Anem bizbizbizbiz &#8211; aqu\u00f2 v\u00f2l dire a plan l\u00e8u !!<\/p><\/blockquote>\n\n\n\n<div class=\"wp-block-image\"><figure class=\"aligncenter size-large\"><img loading=\"lazy\" decoding=\"async\" width=\"583\" height=\"589\" src=\"https:\/\/calandreta.sytes.net\/wordpress\/wp-content\/uploads\/2021\/05\/abeilles-1.png?w=583\" alt=\"\" class=\"wp-image-123\" srcset=\"https:\/\/www.calandreta-pamias.fr\/wp-content\/uploads\/2021\/05\/abeilles-1.png 583w, https:\/\/www.calandreta-pamias.fr\/wp-content\/uploads\/2021\/05\/abeilles-1-297x300.png 297w\" sizes=\"auto, (max-width: 583px) 100vw, 583px\" \/><\/figure><\/div>\n\n\n\n<p><\/p>\n","protected":false},"excerpt":{"rendered":"<p>Camilla per la classa de cicle 1 S\u00e8m tornats en classa apr\u00e8p vacan\u00e7as cambiadas tan coma abelhas dins lorrusca !!! E tomba plan, aqueste peri\u00f2de es lo n\u00f2stre t\u00e8ma!! Doncas, nos anam descobrir aquel monde pichon mas talament important per la n\u00f2stra vida umana e av\u00e8m pas paur de nos far fissar pr&rsquo;amor qu\u2019av\u00e8m ja<a class=\"more-link\" href=\"https:\/\/www.calandreta-pamias.fr\/?p=94\">Lire la suite <span class=\"screen-reader-text\">\u00ab\u00a0Derni\u00e8res nouvelles du Cycle 1\u00a0\u00bb<\/span><\/a><\/p>\n","protected":false},"author":1,"featured_media":0,"comment_status":"open","ping_status":"open","sticky":false,"template":"","format":"standard","meta":{"footnotes":""},"categories":[2],"tags":[],"class_list":["post-94","post","type-post","status-publish","format-standard","hentry","category-non-classe","entry"],"_links":{"self":[{"href":"https:\/\/www.calandreta-pamias.fr\/index.php?rest_route=\/wp\/v2\/posts\/94","targetHints":{"allow":["GET"]}}],"collection":[{"href":"https:\/\/www.calandreta-pamias.fr\/index.php?rest_route=\/wp\/v2\/posts"}],"about":[{"href":"https:\/\/www.calandreta-pamias.fr\/index.php?rest_route=\/wp\/v2\/types\/post"}],"author":[{"embeddable":true,"href":"https:\/\/www.calandreta-pamias.fr\/index.php?rest_route=\/wp\/v2\/users\/1"}],"replies":[{"embeddable":true,"href":"https:\/\/www.calandreta-pamias.fr\/index.php?rest_route=%2Fwp%2Fv2%2Fcomments&post=94"}],"version-history":[{"count":0,"href":"https:\/\/www.calandreta-pamias.fr\/index.php?rest_route=\/wp\/v2\/posts\/94\/revisions"}],"wp:attachment":[{"href":"https:\/\/www.calandreta-pamias.fr\/index.php?rest_route=%2Fwp%2Fv2%2Fmedia&parent=94"}],"wp:term":[{"taxonomy":"category","embeddable":true,"href":"https:\/\/www.calandreta-pamias.fr\/index.php?rest_route=%2Fwp%2Fv2%2Fcategories&post=94"},{"taxonomy":"post_tag","embeddable":true,"href":"https:\/\/www.calandreta-pamias.fr\/index.php?rest_route=%2Fwp%2Fv2%2Ftags&post=94"}],"curies":[{"name":"wp","href":"https:\/\/api.w.org\/{rel}","templated":true}]}}