{"id":95,"date":"2020-06-25T21:23:00","date_gmt":"2020-06-25T20:23:00","guid":{"rendered":"https:\/\/calandretapamiers.wordpress.com\/?p=11"},"modified":"2020-06-25T21:23:00","modified_gmt":"2020-06-25T20:23:00","slug":"example-post-2","status":"publish","type":"post","link":"https:\/\/www.calandreta-pamias.fr\/?p=95","title":{"rendered":"Un coaching r\u00e9ussi pour la Calandreta"},"content":{"rendered":"\n<p>Ca y est !!! Nous arrivons au terme de notre travail avec le coach. <\/p>\n\n\n\n<p>Les trois copr\u00e9sidents ont pu b\u00e9n\u00e9ficier d\u2019un compte rendu tr\u00e8s complet que nous vous pr\u00e9senterons prochainement \u00e0 toutes et \u00e0 tous.Plusieurs \u00e9l\u00e9ments nous ont saut\u00e9s aux yeux, le besoin pour chacun de clarifier les missions, les taches. L\u2019envie de se sentir investis sur du concret. L\u2019importance de conserver la notion de plaisir, de se sentir reconnus mais aussi le besoin d\u2019un peu plus d\u2019\u00e9galit\u00e9 dans la r\u00e9partition des t\u00e2ches.Tousces retours que vous avez bien voulu \u00abnous\u00bb faire, et nous vous remercions de vous \u00eatre pr\u00eat\u00e9s au jeu de ces r\u00e9unions, additionn\u00e9s au remue-m\u00e9ningedu DLA sur lequel nous accompagne la f\u00e9d\u00e9ration qui nous aide \u00e0 mieux saisir le cadre du mouvement, de l\u2019\u00e9lan Calandreta; nous ont emmen\u00e9s \u00e0 r\u00eaver une nouvelle organisation pour notre association Calandreta del pa\u00eds de P\u00e0mias.<\/p>\n\n\n\n<p>Nous donnons rendez-vous \u00e0 toutes les curieuses et les curieux au prochain CA pour une premi\u00e8re pr\u00e9sentation d\u2019un nouveau mod\u00e8le associatif, deux commissions et pas une de plus, des fiches actions, des priorit\u00e9s et\/ou des n\u00e9cessit\u00e9s, un investissement \u00e0 l\u2019adh\u00e8rent et non plus \u00e0 la famille, un emp\u00eachement au cumul des fonctions lourdes, une meilleure r\u00e9partition des responsabilit\u00e9s, une tentative d\u2019\u00e9galit\u00e9 de genre dans l\u2019investissement au sein de l\u2019association, une foire annuelle de la recherche de fonds, des demandes de contreparties pour les d\u00e9sinvestis, des jur\u00e9s populaires pour la validation de nouvelles actions&#8230;\u00c7asent le changement, mais je me retiens bien de dire qu\u2019il sera pour maintenantpeut \u00eatre pour bient\u00f4t?Et comme le dit si bien mon vieux copain Bouddha, sachez qu\u2019il n\u2019existe rien de constant si ce n\u2019est le changement !<\/p>\n\n\n\n<p>Margaux, Co-pr\u00e9sidente<\/p>\n","protected":false},"excerpt":{"rendered":"<p>Ca y est !!! Nous arrivons au terme de notre travail avec le coach. Les trois copr\u00e9sidents ont pu b\u00e9n\u00e9ficier d\u2019un compte rendu tr\u00e8s complet que nous vous pr\u00e9senterons prochainement \u00e0 toutes et \u00e0 tous.Plusieurs \u00e9l\u00e9ments nous ont saut\u00e9s aux yeux, le besoin pour chacun de clarifier les missions, les taches. L\u2019envie de se sentir<a class=\"more-link\" href=\"https:\/\/www.calandreta-pamias.fr\/?p=95\">Lire la suite <span class=\"screen-reader-text\">\u00ab\u00a0Un coaching r\u00e9ussi pour la Calandreta\u00a0\u00bb<\/span><\/a><\/p>\n","protected":false},"author":1,"featured_media":98,"comment_status":"open","ping_status":"open","sticky":false,"template":"","format":"standard","meta":{"footnotes":""},"categories":[2],"tags":[],"class_list":["post-95","post","type-post","status-publish","format-standard","has-post-thumbnail","hentry","category-non-classe","entry"],"_links":{"self":[{"href":"https:\/\/www.calandreta-pamias.fr\/index.php?rest_route=\/wp\/v2\/posts\/95","targetHints":{"allow":["GET"]}}],"collection":[{"href":"https:\/\/www.calandreta-pamias.fr\/index.php?rest_route=\/wp\/v2\/posts"}],"about":[{"href":"https:\/\/www.calandreta-pamias.fr\/index.php?rest_route=\/wp\/v2\/types\/post"}],"author":[{"embeddable":true,"href":"https:\/\/www.calandreta-pamias.fr\/index.php?rest_route=\/wp\/v2\/users\/1"}],"replies":[{"embeddable":true,"href":"https:\/\/www.calandreta-pamias.fr\/index.php?rest_route=%2Fwp%2Fv2%2Fcomments&post=95"}],"version-history":[{"count":0,"href":"https:\/\/www.calandreta-pamias.fr\/index.php?rest_route=\/wp\/v2\/posts\/95\/revisions"}],"wp:featuredmedia":[{"embeddable":true,"href":"https:\/\/www.calandreta-pamias.fr\/index.php?rest_route=\/wp\/v2\/media\/98"}],"wp:attachment":[{"href":"https:\/\/www.calandreta-pamias.fr\/index.php?rest_route=%2Fwp%2Fv2%2Fmedia&parent=95"}],"wp:term":[{"taxonomy":"category","embeddable":true,"href":"https:\/\/www.calandreta-pamias.fr\/index.php?rest_route=%2Fwp%2Fv2%2Fcategories&post=95"},{"taxonomy":"post_tag","embeddable":true,"href":"https:\/\/www.calandreta-pamias.fr\/index.php?rest_route=%2Fwp%2Fv2%2Ftags&post=95"}],"curies":[{"name":"wp","href":"https:\/\/api.w.org\/{rel}","templated":true}]}}