{"id":96,"date":"2020-06-25T21:22:59","date_gmt":"2020-06-25T20:22:59","guid":{"rendered":"https:\/\/calandretapamiers.wordpress.com\/?p=12"},"modified":"2020-06-25T21:22:59","modified_gmt":"2020-06-25T20:22:59","slug":"example-post","status":"publish","type":"post","link":"https:\/\/www.calandreta-pamias.fr\/?p=96","title":{"rendered":"Num\u00e9ro 5 \u2013Mai de 20214 Maria-Anna per la classa de cicle 3"},"content":{"rendered":"\n<p>La classa de CE2-CM1 se retr\u00f2ba apr\u00e8p una setmana de trabalh a dist\u00e0ncia e doas setmanas de repaus. Gr\u00e0cias a la classa virtuala mesa a disposicion de la Confederacion de las Calandretas, qu\u2019utiliza un logicial liure, ag\u00e8rem pas los probl\u00e8mas de las esc\u00f2las que dependi\u00e1n del CNED o autras estructuras. E en esperant las letras dels correspondents de Castras, trabalham a la creacion de poesias ! Si\u00e1 en creant de v\u00e8rses amb rimas, si\u00e1, pels mai grands e mai audacioses, en ensajant de seguir la constrenta de la \u00ab Sextina \u00bb.<\/p>\n\n\n\n<div class=\"wp-block-columns is-layout-flex wp-container-core-columns-is-layout-28f84493 wp-block-columns-is-layout-flex\">\n<div class=\"wp-block-column is-layout-flow wp-block-column-is-layout-flow\" style=\"flex-basis:33.33%;\">\n<figure class=\"wp-block-image size-large\"><img loading=\"lazy\" decoding=\"async\" width=\"144\" height=\"312\" src=\"https:\/\/calandreta.sytes.net\/wordpress\/wp-content\/uploads\/2021\/05\/web-1.png?w=144\" alt=\"\" class=\"wp-image-234\" srcset=\"https:\/\/www.calandreta-pamias.fr\/wp-content\/uploads\/2021\/05\/web-1.png 144w, https:\/\/www.calandreta-pamias.fr\/wp-content\/uploads\/2021\/05\/web-1-138x300.png 138w\" sizes=\"auto, (max-width: 144px) 100vw, 144px\" \/><\/figure>\n<\/div>\n\n\n\n<div class=\"wp-block-column is-layout-flow wp-block-column-is-layout-flow\" style=\"flex-basis:66.66%;\">\n<p>Coneiss\u00e8tz pas la sextina ? Es una <strong>forma poetica <\/strong>compausada de si\u00e8is estr\u00f2fas de si\u00e8is v\u00e8rses que lors mots de fin dem\u00f2ran los meteisses tot al long del po\u00e8ma, dins d\u2019\u00f2rdres diferents. S\u2019acaba per una tornada, es a dire 3 v\u00e8rses que contenon los si\u00e8is mots de rima.<\/p>\n\n\n\n<p>L\u2019invencion d\u2019aquela forma poetica reven al <strong>trobador Arnaut Dani\u00e8l<\/strong>, al s\u00e8gle XII : \u00e8ra una forma particulara de \u00ab canso \u00bb. Fogu\u00e8t represa per <strong>Dante <\/strong>e <strong>Petrarca <\/strong>(grands po\u00e8tas italians dels s\u00e8gles XIII e XIV) que fix\u00e8ron lo nom de sextina.<\/p>\n<\/div>\n<\/div>\n\n\n\n<div class=\"wp-block-columns is-layout-flex wp-container-core-columns-is-layout-28f84493 wp-block-columns-is-layout-flex\">\n<div class=\"wp-block-column is-layout-flow wp-block-column-is-layout-flow\">\n<p>Arnaut Dani\u00e8l \u00e8ra ja fam\u00f3s a son ep\u00f2ca, \u00e8ra un especialista del \u00ab trobar clus \u00bb es a dire una poesia compl\u00e8xa e codada, f\u00f2r\u00e7a trabalhada. Ag\u00e8t una granda influ\u00e9ncia sus la poesia europ\u00e8a de la fin de l\u2019Edat Mejana e de la Renaissen\u00e7a. Encara u\u00e8i, de po\u00e8tas del mond enti\u00e8r cr\u00e8an sextinas.<\/p>\n<\/div>\n<\/div>\n","protected":false},"excerpt":{"rendered":"<p>La classa de CE2-CM1 se retr\u00f2ba apr\u00e8p una setmana de trabalh a dist\u00e0ncia e doas setmanas de repaus. Gr\u00e0cias a la classa virtuala mesa a disposicion de la Confederacion de las Calandretas, qu\u2019utiliza un logicial liure, ag\u00e8rem pas los probl\u00e8mas de las esc\u00f2las que dependi\u00e1n del CNED o autras estructuras. E en esperant las letras<a class=\"more-link\" href=\"https:\/\/www.calandreta-pamias.fr\/?p=96\">Lire la suite <span class=\"screen-reader-text\">\u00ab\u00a0Num\u00e9ro 5 \u2013Mai de 20214 Maria-Anna per la classa de cicle 3\u00a0\u00bb<\/span><\/a><\/p>\n","protected":false},"author":1,"featured_media":0,"comment_status":"open","ping_status":"open","sticky":false,"template":"","format":"standard","meta":{"footnotes":""},"categories":[2],"tags":[],"class_list":["post-96","post","type-post","status-publish","format-standard","hentry","category-non-classe","entry"],"_links":{"self":[{"href":"https:\/\/www.calandreta-pamias.fr\/index.php?rest_route=\/wp\/v2\/posts\/96","targetHints":{"allow":["GET"]}}],"collection":[{"href":"https:\/\/www.calandreta-pamias.fr\/index.php?rest_route=\/wp\/v2\/posts"}],"about":[{"href":"https:\/\/www.calandreta-pamias.fr\/index.php?rest_route=\/wp\/v2\/types\/post"}],"author":[{"embeddable":true,"href":"https:\/\/www.calandreta-pamias.fr\/index.php?rest_route=\/wp\/v2\/users\/1"}],"replies":[{"embeddable":true,"href":"https:\/\/www.calandreta-pamias.fr\/index.php?rest_route=%2Fwp%2Fv2%2Fcomments&post=96"}],"version-history":[{"count":0,"href":"https:\/\/www.calandreta-pamias.fr\/index.php?rest_route=\/wp\/v2\/posts\/96\/revisions"}],"wp:attachment":[{"href":"https:\/\/www.calandreta-pamias.fr\/index.php?rest_route=%2Fwp%2Fv2%2Fmedia&parent=96"}],"wp:term":[{"taxonomy":"category","embeddable":true,"href":"https:\/\/www.calandreta-pamias.fr\/index.php?rest_route=%2Fwp%2Fv2%2Fcategories&post=96"},{"taxonomy":"post_tag","embeddable":true,"href":"https:\/\/www.calandreta-pamias.fr\/index.php?rest_route=%2Fwp%2Fv2%2Ftags&post=96"}],"curies":[{"name":"wp","href":"https:\/\/api.w.org\/{rel}","templated":true}]}}